{"id":4170,"date":"2020-05-11T10:14:29","date_gmt":"2020-05-11T10:14:29","guid":{"rendered":"https:\/\/yrki.is\/?p=4170"},"modified":"2020-05-11T10:14:29","modified_gmt":"2020-05-11T10:14:29","slug":"first-ground-breaking-for-affordable-housing-in-gufunes","status":"publish","type":"post","link":"https:\/\/yrki.is\/en\/first-ground-breaking-for-affordable-housing-in-gufunes\/","title":{"rendered":"First ground breaking for affordable housing in Gufunes"},"content":{"rendered":"<p>Last wednesday, Reykjav\u00edk\u00b4s mayor Dagur B. Eggertsson broke ground for a housing project in Gufunes that is specifically destined for first buyers. Project manager Run\u00f3lfur \u00c1g\u00fastsson of \u00deorpi\u00f0-Vistf\u00e9lag says that the innovative design of the housing project lays the ground for a sustainable community. The housing project will include 137 apartments, of which the most affordable ones will be priced at less than 20 million Icelandic crowns. A news feature on the ground breaking can be read <a href=\"https:\/\/www.visir.is\/g\/20201024765d\/fyrsta-skoflustungan-tekin-ad-nyju-fyrirmyndarriki-i-gufunesi\">here<\/a>.<\/p>\n","protected":false},"excerpt":{"rendered":"<p>Last wednesday, Reykjav\u00edk\u00b4s mayor Dagur B. Eggertsson broke ground for a housing project in Gufunes that is specifically destined for first buyers. Project manager Run\u00f3lfur \u00c1g\u00fastsson of \u00deorpi\u00f0-Vistf\u00e9lag says that the innovative design of the housing project lays the ground for a sustainable community. The&#8230;<\/p>\n","protected":false},"author":8,"featured_media":4153,"comment_status":"closed","ping_status":"closed","sticky":false,"template":"","format":"standard","meta":{"inline_featured_image":false,"_monsterinsights_skip_tracking":false,"_monsterinsights_sitenote_active":false,"_monsterinsights_sitenote_note":"","_monsterinsights_sitenote_category":0,"footnotes":""},"categories":[1],"tags":[],"class_list":["post-4170","post","type-post","status-publish","format-standard","has-post-thumbnail","hentry","category-uncategorized"],"yoast_head":"<!-- This site is optimized with the Yoast SEO plugin v23.0 - https:\/\/yoast.com\/wordpress\/plugins\/seo\/ -->\n<title>First ground breaking for affordable housing in Gufunes - yrki.is<\/title>\n<meta name=\"robots\" content=\"index, follow, max-snippet:-1, max-image-preview:large, max-video-preview:-1\" \/>\n<link rel=\"canonical\" href=\"https:\/\/yrki.is\/en\/first-ground-breaking-for-affordable-housing-in-gufunes\/\" \/>\n<meta property=\"og:locale\" content=\"en_US\" \/>\n<meta property=\"og:type\" content=\"article\" \/>\n<meta property=\"og:title\" content=\"First ground breaking for affordable housing in Gufunes - yrki.is\" \/>\n<meta property=\"og:description\" content=\"Last wednesday, Reykjav\u00edk\u00b4s mayor Dagur B. Eggertsson broke ground for a housing project in Gufunes that is specifically destined for first buyers. Project manager Run\u00f3lfur \u00c1g\u00fastsson of \u00deorpi\u00f0-Vistf\u00e9lag says that the innovative design of the housing project lays the ground for a sustainable community. The...\" \/>\n<meta property=\"og:url\" content=\"https:\/\/yrki.is\/en\/first-ground-breaking-for-affordable-housing-in-gufunes\/\" \/>\n<meta property=\"og:site_name\" content=\"yrki.is\" \/>\n<meta property=\"article:publisher\" content=\"https:\/\/www.facebook.com\/YrkiArkitektarYrkiArchitects\/\" \/>\n<meta property=\"article:published_time\" content=\"2020-05-11T10:14:29+00:00\" \/>\n<meta property=\"og:image\" content=\"https:\/\/yrki.is\/wp-content\/uploads\/2020\/05\/E14D3D965C5F89BED01E7A8D3967DB43E8A1A2F7E88C77B357626967A74585F1_713x0.jpg\" \/>\n\t<meta property=\"og:image:width\" content=\"713\" \/>\n\t<meta property=\"og:image:height\" content=\"530\" \/>\n\t<meta property=\"og:image:type\" content=\"image\/jpeg\" \/>\n<meta name=\"author\" content=\"Sigur\u00f0ur Kolbeinsson\" \/>\n<meta name=\"twitter:card\" content=\"summary_large_image\" \/>\n<meta name=\"twitter:label1\" content=\"Written by\" \/>\n\t<meta name=\"twitter:data1\" content=\"Sigur\u00f0ur Kolbeinsson\" \/>\n<script type=\"application\/ld+json\" class=\"yoast-schema-graph\">{\"@context\":\"https:\/\/schema.org\",\"@graph\":[{\"@type\":\"WebPage\",\"@id\":\"https:\/\/yrki.is\/en\/first-ground-breaking-for-affordable-housing-in-gufunes\/\",\"url\":\"https:\/\/yrki.is\/en\/first-ground-breaking-for-affordable-housing-in-gufunes\/\",\"name\":\"First ground breaking for affordable housing in Gufunes - yrki.is\",\"isPartOf\":{\"@id\":\"https:\/\/yrki.is\/#website\"},\"primaryImageOfPage\":{\"@id\":\"https:\/\/yrki.is\/en\/first-ground-breaking-for-affordable-housing-in-gufunes\/#primaryimage\"},\"image\":{\"@id\":\"https:\/\/yrki.is\/en\/first-ground-breaking-for-affordable-housing-in-gufunes\/#primaryimage\"},\"thumbnailUrl\":\"https:\/\/yrki.is\/wp-content\/uploads\/2020\/05\/E14D3D965C5F89BED01E7A8D3967DB43E8A1A2F7E88C77B357626967A74585F1_713x0.jpg\",\"datePublished\":\"2020-05-11T10:14:29+00:00\",\"dateModified\":\"2020-05-11T10:14:29+00:00\",\"author\":{\"@id\":\"https:\/\/yrki.is\/#\/schema\/person\/c15d0ce7ecf6e90c32023a24743c0372\"},\"breadcrumb\":{\"@id\":\"https:\/\/yrki.is\/en\/first-ground-breaking-for-affordable-housing-in-gufunes\/#breadcrumb\"},\"inLanguage\":\"en-US\",\"potentialAction\":[{\"@type\":\"ReadAction\",\"target\":[\"https:\/\/yrki.is\/en\/first-ground-breaking-for-affordable-housing-in-gufunes\/\"]}]},{\"@type\":\"ImageObject\",\"inLanguage\":\"en-US\",\"@id\":\"https:\/\/yrki.is\/en\/first-ground-breaking-for-affordable-housing-in-gufunes\/#primaryimage\",\"url\":\"https:\/\/yrki.is\/wp-content\/uploads\/2020\/05\/E14D3D965C5F89BED01E7A8D3967DB43E8A1A2F7E88C77B357626967A74585F1_713x0.jpg\",\"contentUrl\":\"https:\/\/yrki.is\/wp-content\/uploads\/2020\/05\/E14D3D965C5F89BED01E7A8D3967DB43E8A1A2F7E88C77B357626967A74585F1_713x0.jpg\",\"width\":713,\"height\":530},{\"@type\":\"BreadcrumbList\",\"@id\":\"https:\/\/yrki.is\/en\/first-ground-breaking-for-affordable-housing-in-gufunes\/#breadcrumb\",\"itemListElement\":[{\"@type\":\"ListItem\",\"position\":1,\"name\":\"Home\",\"item\":\"https:\/\/yrki.is\/en\/\"},{\"@type\":\"ListItem\",\"position\":2,\"name\":\"First ground breaking for affordable housing in Gufunes\"}]},{\"@type\":\"WebSite\",\"@id\":\"https:\/\/yrki.is\/#website\",\"url\":\"https:\/\/yrki.is\/\",\"name\":\"yrki.is\",\"description\":\"Arkitektastofa\",\"potentialAction\":[{\"@type\":\"SearchAction\",\"target\":{\"@type\":\"EntryPoint\",\"urlTemplate\":\"https:\/\/yrki.is\/?s={search_term_string}\"},\"query-input\":\"required name=search_term_string\"}],\"inLanguage\":\"en-US\"},{\"@type\":\"Person\",\"@id\":\"https:\/\/yrki.is\/#\/schema\/person\/c15d0ce7ecf6e90c32023a24743c0372\",\"name\":\"Sigur\u00f0ur Kolbeinsson\",\"image\":{\"@type\":\"ImageObject\",\"inLanguage\":\"en-US\",\"@id\":\"https:\/\/yrki.is\/#\/schema\/person\/image\/\",\"url\":\"https:\/\/secure.gravatar.com\/avatar\/4a5a5b5370d06f0a123607f69cb3f010db84d4b76021b85b3dcdff1802087ff1?s=96&d=mm&r=g\",\"contentUrl\":\"https:\/\/secure.gravatar.com\/avatar\/4a5a5b5370d06f0a123607f69cb3f010db84d4b76021b85b3dcdff1802087ff1?s=96&d=mm&r=g\",\"caption\":\"Sigur\u00f0ur Kolbeinsson\"},\"url\":\"https:\/\/yrki.is\/en\/author\/sigurdur\/\"}]}<\/script>\n<!-- \/ Yoast SEO plugin. -->","yoast_head_json":{"title":"First ground breaking for affordable housing in Gufunes - yrki.is","robots":{"index":"index","follow":"follow","max-snippet":"max-snippet:-1","max-image-preview":"max-image-preview:large","max-video-preview":"max-video-preview:-1"},"canonical":"https:\/\/yrki.is\/en\/first-ground-breaking-for-affordable-housing-in-gufunes\/","og_locale":"en_US","og_type":"article","og_title":"First ground breaking for affordable housing in Gufunes - yrki.is","og_description":"Last wednesday, Reykjav\u00edk\u00b4s mayor Dagur B. Eggertsson broke ground for a housing project in Gufunes that is specifically destined for first buyers. Project manager Run\u00f3lfur \u00c1g\u00fastsson of \u00deorpi\u00f0-Vistf\u00e9lag says that the innovative design of the housing project lays the ground for a sustainable community. The...","og_url":"https:\/\/yrki.is\/en\/first-ground-breaking-for-affordable-housing-in-gufunes\/","og_site_name":"yrki.is","article_publisher":"https:\/\/www.facebook.com\/YrkiArkitektarYrkiArchitects\/","article_published_time":"2020-05-11T10:14:29+00:00","og_image":[{"width":713,"height":530,"url":"https:\/\/yrki.is\/wp-content\/uploads\/2020\/05\/E14D3D965C5F89BED01E7A8D3967DB43E8A1A2F7E88C77B357626967A74585F1_713x0.jpg","type":"image\/jpeg"}],"author":"Sigur\u00f0ur Kolbeinsson","twitter_card":"summary_large_image","twitter_misc":{"Written by":"Sigur\u00f0ur Kolbeinsson"},"schema":{"@context":"https:\/\/schema.org","@graph":[{"@type":"WebPage","@id":"https:\/\/yrki.is\/en\/first-ground-breaking-for-affordable-housing-in-gufunes\/","url":"https:\/\/yrki.is\/en\/first-ground-breaking-for-affordable-housing-in-gufunes\/","name":"First ground breaking for affordable housing in Gufunes - yrki.is","isPartOf":{"@id":"https:\/\/yrki.is\/#website"},"primaryImageOfPage":{"@id":"https:\/\/yrki.is\/en\/first-ground-breaking-for-affordable-housing-in-gufunes\/#primaryimage"},"image":{"@id":"https:\/\/yrki.is\/en\/first-ground-breaking-for-affordable-housing-in-gufunes\/#primaryimage"},"thumbnailUrl":"https:\/\/yrki.is\/wp-content\/uploads\/2020\/05\/E14D3D965C5F89BED01E7A8D3967DB43E8A1A2F7E88C77B357626967A74585F1_713x0.jpg","datePublished":"2020-05-11T10:14:29+00:00","dateModified":"2020-05-11T10:14:29+00:00","author":{"@id":"https:\/\/yrki.is\/#\/schema\/person\/c15d0ce7ecf6e90c32023a24743c0372"},"breadcrumb":{"@id":"https:\/\/yrki.is\/en\/first-ground-breaking-for-affordable-housing-in-gufunes\/#breadcrumb"},"inLanguage":"en-US","potentialAction":[{"@type":"ReadAction","target":["https:\/\/yrki.is\/en\/first-ground-breaking-for-affordable-housing-in-gufunes\/"]}]},{"@type":"ImageObject","inLanguage":"en-US","@id":"https:\/\/yrki.is\/en\/first-ground-breaking-for-affordable-housing-in-gufunes\/#primaryimage","url":"https:\/\/yrki.is\/wp-content\/uploads\/2020\/05\/E14D3D965C5F89BED01E7A8D3967DB43E8A1A2F7E88C77B357626967A74585F1_713x0.jpg","contentUrl":"https:\/\/yrki.is\/wp-content\/uploads\/2020\/05\/E14D3D965C5F89BED01E7A8D3967DB43E8A1A2F7E88C77B357626967A74585F1_713x0.jpg","width":713,"height":530},{"@type":"BreadcrumbList","@id":"https:\/\/yrki.is\/en\/first-ground-breaking-for-affordable-housing-in-gufunes\/#breadcrumb","itemListElement":[{"@type":"ListItem","position":1,"name":"Home","item":"https:\/\/yrki.is\/en\/"},{"@type":"ListItem","position":2,"name":"First ground breaking for affordable housing in Gufunes"}]},{"@type":"WebSite","@id":"https:\/\/yrki.is\/#website","url":"https:\/\/yrki.is\/","name":"yrki.is","description":"Arkitektastofa","potentialAction":[{"@type":"SearchAction","target":{"@type":"EntryPoint","urlTemplate":"https:\/\/yrki.is\/?s={search_term_string}"},"query-input":"required name=search_term_string"}],"inLanguage":"en-US"},{"@type":"Person","@id":"https:\/\/yrki.is\/#\/schema\/person\/c15d0ce7ecf6e90c32023a24743c0372","name":"Sigur\u00f0ur Kolbeinsson","image":{"@type":"ImageObject","inLanguage":"en-US","@id":"https:\/\/yrki.is\/#\/schema\/person\/image\/","url":"https:\/\/secure.gravatar.com\/avatar\/4a5a5b5370d06f0a123607f69cb3f010db84d4b76021b85b3dcdff1802087ff1?s=96&d=mm&r=g","contentUrl":"https:\/\/secure.gravatar.com\/avatar\/4a5a5b5370d06f0a123607f69cb3f010db84d4b76021b85b3dcdff1802087ff1?s=96&d=mm&r=g","caption":"Sigur\u00f0ur Kolbeinsson"},"url":"https:\/\/yrki.is\/en\/author\/sigurdur\/"}]}},"_links":{"self":[{"href":"https:\/\/yrki.is\/en\/wp-json\/wp\/v2\/posts\/4170","targetHints":{"allow":["GET"]}}],"collection":[{"href":"https:\/\/yrki.is\/en\/wp-json\/wp\/v2\/posts"}],"about":[{"href":"https:\/\/yrki.is\/en\/wp-json\/wp\/v2\/types\/post"}],"author":[{"embeddable":true,"href":"https:\/\/yrki.is\/en\/wp-json\/wp\/v2\/users\/8"}],"replies":[{"embeddable":true,"href":"https:\/\/yrki.is\/en\/wp-json\/wp\/v2\/comments?post=4170"}],"version-history":[{"count":1,"href":"https:\/\/yrki.is\/en\/wp-json\/wp\/v2\/posts\/4170\/revisions"}],"predecessor-version":[{"id":4171,"href":"https:\/\/yrki.is\/en\/wp-json\/wp\/v2\/posts\/4170\/revisions\/4171"}],"wp:featuredmedia":[{"embeddable":true,"href":"https:\/\/yrki.is\/en\/wp-json\/wp\/v2\/media\/4153"}],"wp:attachment":[{"href":"https:\/\/yrki.is\/en\/wp-json\/wp\/v2\/media?parent=4170"}],"wp:term":[{"taxonomy":"category","embeddable":true,"href":"https:\/\/yrki.is\/en\/wp-json\/wp\/v2\/categories?post=4170"},{"taxonomy":"post_tag","embeddable":true,"href":"https:\/\/yrki.is\/en\/wp-json\/wp\/v2\/tags?post=4170"}],"curies":[{"name":"wp","href":"https:\/\/api.w.org\/{rel}","templated":true}]}}